{"id":3316,"date":"2026-08-21T18:43:59","date_gmt":"2026-08-21T17:43:59","guid":{"rendered":"https:\/\/podcastorto.it\/?p=3316"},"modified":"2026-08-25T18:46:11","modified_gmt":"2026-08-25T17:46:11","slug":"21-agosto-la-fine-della-primavera","status":"publish","type":"post","link":"https:\/\/podcastorto.it\/index.php\/2026\/08\/21\/21-agosto-la-fine-della-primavera\/","title":{"rendered":"21 agosto &#8211; La fine della Primavera"},"content":{"rendered":"\t\t<div data-elementor-type=\"wp-post\" data-elementor-id=\"3316\" class=\"elementor elementor-3316\">\n\t\t\t\t<div class=\"elementor-element elementor-element-742efde e-flex e-con-boxed e-con e-parent\" data-id=\"742efde\" data-element_type=\"container\" data-e-type=\"container\">\n\t\t\t\t\t<div class=\"e-con-inner\">\n\t\t\t\t<div class=\"elementor-element elementor-element-a7f3e2f elementor-widget elementor-widget-text-editor\" data-id=\"a7f3e2f\" data-element_type=\"widget\" data-e-type=\"widget\" data-widget_type=\"text-editor.default\">\n\t\t\t\t\t\t\t\t\t<div class=\"x14z9mp xat24cr x1lziwak x1vvkbs xtlvy1s x126k92a\"><div dir=\"auto\">58 anni fa, la mattina del 21 agosto 1968, l&#8217;Unione Sovietica (sotto l&#8217;insegna formale del Patto di Varsavia) occupava militarmente l&#8217;allora Cecoslovacchia, mettendo fine nel modo pi\u00f9 brutale all&#8217;esperienza della cosiddetta Primavera di Praga, il tentativo messo in atto dal nuovo segretario del Partito comunista cecoslovacco, Alexander Dub\u010dek, di trasformare il soffocante regime dittatoriale imposto dall&#8217;URSS in una forma nuova e originale di democrazia socialista autonoma da Mosca, il &#8220;socialismo dal volto umano&#8221; che fu uno dei pilastri del pensiero di Enrico Berlinguer.<\/div><\/div><div class=\"x14z9mp xat24cr x1lziwak x1vvkbs xtlvy1s x126k92a\"><div dir=\"auto\">Tra gennaio e agosto del 1968 erano stati mesi di grande fermento, di prime riforme e di grandi speranze. L&#8217;avversione dell&#8217;URSS di Br\u00e9\u017enev cresceva anche pi\u00f9 velocemente della popolarit\u00e0 di Dub\u010dek in patria e non solo. Fino all&#8217;invasione e all&#8217;occupazione militare che, in nome della dottrina della sovranit\u00e0 limitata, inventata da Br\u00e9\u017enev per mettere una foglla di fico teorica sulla brutalit\u00e0 della sua visione imperialista, port\u00f2 alla cosiddetta &#8220;normalizzazione&#8221;, cio\u00e8 a una violenta repressione, all&#8217;imposizione di una stretta censura e al ripristino di una dittatura sempre pi\u00f9 chiusa e ottusa.<\/div><\/div><div class=\"x14z9mp xat24cr x1lziwak x1vvkbs xtlvy1s x126k92a\"><div dir=\"auto\">L&#8217;invasione della Cecoslovacchia resta un crimine incancellabile. Non certo il primo &#8211; Paesi Baltici, Finlandia, Ungheria &#8211; n\u00e9 l&#8217;ultimo (Afghanistan, Cecenia, Georgia, Crimea, Transnistria, Ucraina). La differenza \u00e8 che allora le due superpotenze potevano fare quel che volevano all&#8217;interno dei rispettivi blocchi (le cosiddette sfere d&#8217;influenza): nessuno mosse un dito per aiutare la Cecoslovacchia, cos\u00ec come nessuno lo aveva mosso per aiutare l&#8217;Ungheria nel 1956. Del resto, l&#8217;URSS non si era certo scomposta per il sanguinoso colpo di Stato fascista in Grecia nel 1967, n\u00e9 lo far\u00e0 per il colpo di Stato fascista in Cile nel 1973.<\/div><\/div><div class=\"x14z9mp xat24cr x1lziwak x1vvkbs xtlvy1s x126k92a\"><div dir=\"auto\">Basterebbe gi\u00e0 questo &#8211; al di l\u00e0 di mille altre validissime motivazioni &#8211; per sentire prima di tutto il dovere morale d&#8217;impegnarci con ogni mezzo possibile per contrastare il neoimperialismo russo<\/div><\/div>\t\t\t\t\t\t\t\t<\/div>\n\t\t\t\t\t<\/div>\n\t\t\t\t<\/div>\n\t\t\t\t<\/div>\n\t\t","protected":false},"excerpt":{"rendered":"<p>58 anni fa, la mattina del 21 agosto 1968, l&#8217;Unione Sovietica (sotto l&#8217;insegna formale del Patto di Varsavia) occupava militarmente l&#8217;allora Cecoslovacchia, mettendo fine nel modo pi\u00f9 brutale all&#8217;esperienza della cosiddetta Primavera di Praga, il tentativo messo in atto dal nuovo segretario del Partito comunista cecoslovacco, Alexander Dub\u010dek, di trasformare il soffocante regime dittatoriale imposto&#8230;<\/p>\n","protected":false},"author":1,"featured_media":3317,"comment_status":"open","ping_status":"closed","sticky":false,"template":"","format":"standard","meta":{"sync_status":"","episode_type":"","audio_file":"","podmotor_file_id":"","podmotor_episode_id":"","castos_file_data":"","cover_image":"","cover_image_id":"","duration":"","filesize":"","filesize_raw":"","date_recorded":"","explicit":"","block":"","itunes_episode_number":"","itunes_title":"","itunes_season_number":"","itunes_episode_type":"","footnotes":""},"categories":[134],"tags":[],"class_list":["post-3316","post","type-post","status-publish","format-standard","has-post-thumbnail","hentry","category-senza-categoria-it"],"_links":{"self":[{"href":"https:\/\/podcastorto.it\/index.php\/wp-json\/wp\/v2\/posts\/3316","targetHints":{"allow":["GET"]}}],"collection":[{"href":"https:\/\/podcastorto.it\/index.php\/wp-json\/wp\/v2\/posts"}],"about":[{"href":"https:\/\/podcastorto.it\/index.php\/wp-json\/wp\/v2\/types\/post"}],"author":[{"embeddable":true,"href":"https:\/\/podcastorto.it\/index.php\/wp-json\/wp\/v2\/users\/1"}],"replies":[{"embeddable":true,"href":"https:\/\/podcastorto.it\/index.php\/wp-json\/wp\/v2\/comments?post=3316"}],"version-history":[{"count":4,"href":"https:\/\/podcastorto.it\/index.php\/wp-json\/wp\/v2\/posts\/3316\/revisions"}],"predecessor-version":[{"id":3321,"href":"https:\/\/podcastorto.it\/index.php\/wp-json\/wp\/v2\/posts\/3316\/revisions\/3321"}],"wp:featuredmedia":[{"embeddable":true,"href":"https:\/\/podcastorto.it\/index.php\/wp-json\/wp\/v2\/media\/3317"}],"wp:attachment":[{"href":"https:\/\/podcastorto.it\/index.php\/wp-json\/wp\/v2\/media?parent=3316"}],"wp:term":[{"taxonomy":"category","embeddable":true,"href":"https:\/\/podcastorto.it\/index.php\/wp-json\/wp\/v2\/categories?post=3316"},{"taxonomy":"post_tag","embeddable":true,"href":"https:\/\/podcastorto.it\/index.php\/wp-json\/wp\/v2\/tags?post=3316"}],"curies":[{"name":"wp","href":"https:\/\/api.w.org\/{rel}","templated":true}]}}